{"id":1059,"date":"2020-11-17T20:42:28","date_gmt":"2020-11-17T19:42:28","guid":{"rendered":"http:\/\/bousculerlesetoiles.com\/?p=1059"},"modified":"2020-11-17T20:43:55","modified_gmt":"2020-11-17T19:43:55","slug":"voyage-a-prague-mes-incontournables","status":"publish","type":"post","link":"https:\/\/bousculerlesetoiles.com\/index.php\/2020\/11\/17\/voyage-a-prague-mes-incontournables\/","title":{"rendered":"Voyage \u00e0 Prague : mes incontournables !"},"content":{"rendered":"\n<p><em>(Image par <a href=\"https:\/\/pixabay.com\/fr\/users\/felixmittermeier-4397258\/?utm_source=link-attribution&amp;utm_medium=referral&amp;utm_campaign=image&amp;utm_content=3625401\">FelixMittermeier<\/a> de <a href=\"https:\/\/pixabay.com\/fr\/?utm_source=link-attribution&amp;utm_medium=referral&amp;utm_campaign=image&amp;utm_content=3625401\">Pixabay<\/a>)<\/em><\/p>\n\n\n\n<p><em>Maintenant qu\u2019on est reconfin\u00e9s et que les voyages ce n\u2019est pas pour demain, chaque semaine je publierai un article sur la th\u00e9matique du voyage pendant toute la dur\u00e9e du reconfinement<\/em> <em>. J\u2019esp\u00e8re que \u00e7a vous permettra de voyager un petit peu. Et en ce qui me concerne, je vais adorer me replonger dans mes souvenirs et <\/em> \u00ab <em>revivre<\/em> \u00bb <em> mes voyages !<\/em><\/p>\n\n\n\n<p>Prague est mon 3<sup>\u00e8me<\/sup> coup de c\u0153ur de mon voyage de\n4 mois et demi en Europe. Pourtant le s\u00e9jour ne s\u2019est pas forc\u00e9ment bien pass\u00e9\nmais la ville est tellement magnifique que je suis oblig\u00e9e de classer la\ncapitale pragoise en 3<sup>\u00e8me<\/sup> position. <\/p>\n\n\n\n<h4 class=\"wp-block-heading\"><strong>Pourquoi Prague&nbsp;?<\/strong><\/h4>\n\n\n\n<figure class=\"wp-block-image size-large\"><img loading=\"lazy\" decoding=\"async\" width=\"1024\" height=\"683\" src=\"http:\/\/bousculerlesetoiles.com\/wp-content\/uploads\/2020\/11\/prague-569352_1920-1024x683.jpg\" alt=\"\" class=\"wp-image-1068\" srcset=\"https:\/\/bousculerlesetoiles.com\/wp-content\/uploads\/2020\/11\/prague-569352_1920-1024x683.jpg 1024w, https:\/\/bousculerlesetoiles.com\/wp-content\/uploads\/2020\/11\/prague-569352_1920-300x200.jpg 300w, https:\/\/bousculerlesetoiles.com\/wp-content\/uploads\/2020\/11\/prague-569352_1920-768x512.jpg 768w, https:\/\/bousculerlesetoiles.com\/wp-content\/uploads\/2020\/11\/prague-569352_1920-1536x1024.jpg 1536w, https:\/\/bousculerlesetoiles.com\/wp-content\/uploads\/2020\/11\/prague-569352_1920-330x220.jpg 330w, https:\/\/bousculerlesetoiles.com\/wp-content\/uploads\/2020\/11\/prague-569352_1920.jpg 1920w\" sizes=\"auto, (max-width: 1024px) 100vw, 1024px\" \/><figcaption><em>(Image par <a href=\"https:\/\/pixabay.com\/photos\/?utm_source=link-attribution&amp;utm_medium=referral&amp;utm_campaign=image&amp;utm_content=569352\">Free-Photos<\/a> de <a href=\"https:\/\/pixabay.com\/fr\/?utm_source=link-attribution&amp;utm_medium=referral&amp;utm_campaign=image&amp;utm_content=569352\">Pixabay<\/a>)<\/em><\/figcaption><\/figure>\n\n\n\n<p>Mais comment avons-nous atterri \u00e0 Prague alors que notre voyage devait se d\u00e9rouler dans les pays scandinaves\u00a0? Pour remettre ce s\u00e9jour dans son contexte, Prague n\u2019\u00e9tait pas pr\u00e9vue au programme. Comme je vous l\u2019expliquais <a href=\"http:\/\/bousculerlesetoiles.com\/index.php\/2020\/02\/02\/comment-jai-presque-tout-quitte-pour-voyager-au-long-cours\/\">ici<\/a> et <a href=\"http:\/\/bousculerlesetoiles.com\/index.php\/2020\/05\/23\/lecon-n1-de-mon-premier-voyage-au-long-cours-un-voyage-ca-se-prepare-partie-1-2\/\">l\u00e0<\/a>, on a d\u00e9cid\u00e9 de voyager \u00e0 100% et d\u2019abandonner notre plan A qui \u00e9tait de trouver un emploi et un logement en Su\u00e8de puis en Norv\u00e8ge, au Danemark et enfin en Finlande car d\u00e8s la premi\u00e8re destination (Stockholm) on s\u2019est heurt\u00e9s \u00e0 un probl\u00e8me de disponibilit\u00e9 des logements qui de toutes fa\u00e7ons \u00e9taient inabordables. Apr\u00e8s presque un mois \u00e0 Stockholm, nous sommes all\u00e9s \u00e0 \u00d6stersund un peu plus haut en Su\u00e8de et, dix jours plus tard, nous nous retrouvions d\u00e9j\u00e0 \u00e0 Trondheim, en Norv\u00e8ge. Apr\u00e8s Trondheim nous avons fait Oslo o\u00f9 nous avons gal\u00e9r\u00e9 plus que d\u2019habitude pour trouver l\u2019\u00e9tape suivante car il n\u2019y avait aucun logement nulle part. Nous avons pris un train pour Copenhague, pay\u00e9 un bras un logement lambda et l\u00e0-bas on a encore rencontr\u00e9 des difficult\u00e9s pour programmer la suite. Si nous avions tenu \u00e0 rester dans les pays scandinaves, nous aurions pris un avion pour la Finlande, apr\u00e8s environ deux mois de voyage. Je rappelle que pour r\u00e9aliser ce r\u00eave de voyage qui devait initialement durer un an, nous avions quitt\u00e9 notre logement, la ville o\u00f9 on habitait ainsi que nos proches. Alors rentrer au bout de deux mois, bof. Surtout que, par chance, financi\u00e8rement on pouvait encore continuer un peu. Mon copain m\u2019a alors propos\u00e9 de continuer notre bouche vers le bas. Je me suis demand\u00e9 ce qu\u2019on allait bien faire l\u00e0-bas. Je n\u2019y voyais aucun inconv\u00e9nient mais je n\u2019\u00e9tais pas sp\u00e9cialement euphorique. En plus, \u00e0 Copenhague j\u2019ai v\u00e9cu tellement de p\u00e9rip\u00e9ties et ressenti tellement de stress que limite j\u2019avais envie de rentrer en France. J\u2019ai quand m\u00eame fini par chercher des logements en Allemagne (Hambourg, Berlin) mais il n\u2019y avait rien. Mon copain a estim\u00e9 qu\u2019on \u00e9tait encore plus bloqu\u00e9s que d\u2019habitude (moi pas vu ce qu\u2019on avait v\u00e9cu \u00e0 Oslo\u00a0: trouver un logement seulement 2 jours avant notre d\u00e9part, ce qui \u00e9tait un record m\u00eame si c\u2019\u00e9tait quasi tout le temps au dernier moment). Du coup, un matin il s&rsquo;isole pour passer un coup de fil et il revient en me disant qu\u2019on peut prendre un avion pour Prague, qu\u2019il reste des places et qu\u2019ils autorisent les animaux de compagnie. Alors l\u00e0, je me suis encore plus demand\u00e9 ce qu\u2019on \u00e9tait en train de f***\u00a0! En 2014, j\u2019avais tr\u00e8s envie d\u2019aller \u00e0 Prague mais une coll\u00e8gue qui revenait d\u2019un s\u00e9jour l\u00e0-bas m\u2019avait dit que c\u2019\u00e9tait vraiment tr\u00e8s touristique. \u00c7a m\u2019a refroidie. Quelques ann\u00e9es plus tard, j\u2019ai eu de mauvais \u00e9chos de deux personnes de mon entourage sur le fait que les Pragois ne sont pas sympas. On n\u2019avait pas d\u2019autres options, apparemment il s\u2019agissait vraiment d\u2019une belle ville et au moins on savait \u00e0 quoi s\u2019attendre concernant ses habitants\u2026 donc on s\u2019est rendus \u00e0 Prague\u00a0!<\/p>\n\n\n\n<h4 class=\"wp-block-heading\"><strong>Une capitale \u00e0 la hauteur de sa r\u00e9putation<\/strong><\/h4>\n\n\n\n<figure class=\"wp-block-image size-large\"><img loading=\"lazy\" decoding=\"async\" width=\"1024\" height=\"683\" src=\"http:\/\/bousculerlesetoiles.com\/wp-content\/uploads\/2020\/11\/prague-1845560_1920-1024x683.jpg\" alt=\"\" class=\"wp-image-1064\" srcset=\"https:\/\/bousculerlesetoiles.com\/wp-content\/uploads\/2020\/11\/prague-1845560_1920-1024x683.jpg 1024w, https:\/\/bousculerlesetoiles.com\/wp-content\/uploads\/2020\/11\/prague-1845560_1920-300x200.jpg 300w, https:\/\/bousculerlesetoiles.com\/wp-content\/uploads\/2020\/11\/prague-1845560_1920-768x512.jpg 768w, https:\/\/bousculerlesetoiles.com\/wp-content\/uploads\/2020\/11\/prague-1845560_1920-1536x1024.jpg 1536w, https:\/\/bousculerlesetoiles.com\/wp-content\/uploads\/2020\/11\/prague-1845560_1920-330x220.jpg 330w, https:\/\/bousculerlesetoiles.com\/wp-content\/uploads\/2020\/11\/prague-1845560_1920.jpg 1920w\" sizes=\"auto, (max-width: 1024px) 100vw, 1024px\" \/><figcaption><em>(Image par <a href=\"https:\/\/pixabay.com\/fr\/users\/pexels-2286921\/?utm_source=link-attribution&amp;utm_medium=referral&amp;utm_campaign=image&amp;utm_content=1845560\">Pexels<\/a> de <a href=\"https:\/\/pixabay.com\/fr\/?utm_source=link-attribution&amp;utm_medium=referral&amp;utm_campaign=image&amp;utm_content=1845560\">Pixabay<\/a>)<\/em><\/figcaption><\/figure>\n\n\n\n<p>Pourquoi ce titre&nbsp;? C\u2019est un peu logique, non&nbsp;?\nPas pour moi car pendant le voyage j\u2019ai eu une \u00e9norme d\u00e9ception sur une destination\nen particulier alors que je n\u2019avais entendu que des \u00e9loges\u2026<\/p>\n\n\n\n<p>On a atterri \u00e0 Prague tard le soir. Notre h\u00f4te Airbnb (un des meilleurs du voyage\u00a0!) nous avait conseill\u00e9 de r\u00e9server un taxi aupr\u00e8s d\u2019une compagnie partenaire pour aller de l\u2019a\u00e9roport \u00e0 l\u2019appartement. C\u2019\u00e9tait la premi\u00e8re fois que quelqu\u2019un nous attendait \u00e0 l\u2019a\u00e9roport avec une pancarte avec notre nom !! Une fois dans la voiture de notre chauffeur, impossible de communiquer car l\u00e0-bas ils parlent tr\u00e8s mal anglais ou ne le parlent pas du tout. D\u2019apr\u00e8s ce que je voyais par la fen\u00eatre, les monuments crois\u00e9s \u00e9taient tr\u00e8s jolis. Premi\u00e8res impressions\u00a0: d\u00e9paysement d\u2019atterrir en R\u00e9publique Tch\u00e8que\u00a0et h\u00e2te de d\u00e9couvrir Prague car cet avant-go\u00fbt nocturne \u00e9tait prometteur. Ultime d\u00e9paysement\u00a0: on \u00e9tait dans l\u2019appartement de \u00ab\u00a0Mamie Olga\u00a0\u00bb comme on l\u2019appelait\u00a0! On avait un a priori pour cette destination donc on s\u2019est uniquement bas\u00e9s sur les notes des h\u00f4tes Airbnb, mettant nos \u00ab\u00a0exigences\u00a0\u00bb en termes de modernit\u00e9 de c\u00f4t\u00e9. Donc on s\u2019est retrouv\u00e9s, en connaissance de cause, dans un appartement tr\u00e8s\u2026vintage\u00a0! Une entr\u00e9e et une cuisine affreuses mais qui collaient bien avec la destination (encore un a priori\u00a0!) et une chambre r\u00e9nov\u00e9e \u00e0 la d\u00e9co contemporaine. Notre h\u00f4te avait concoct\u00e9 un guide tr\u00e8s personnel pour les voyageurs et franchement \u00e7a a fait toute la diff\u00e9rence\u00a0sur notre s\u00e9jour ! On a pu \u00e0 la fois voir des choses tr\u00e8s touristiques et vivre des exp\u00e9riences plus locales ainsi que rapporter des souvenirs v\u00e9ritablement repr\u00e9sentatifs de Prague. <\/p>\n\n\n\n<p>Le lendemain, nous avons fait, comme \u00e0 notre habitude, une premi\u00e8re d\u00e9couverte de la ville \u00ab\u00a0au feeling\u00a0\u00bb. Souvent le premier jour, on partait \u00e0 pied depuis notre appartement, m\u00eame s\u2019il \u00e9tait tr\u00e8s \u00e9loign\u00e9 du centre-ville. On a commenc\u00e9 par s\u2019acheter de quoi pique-niquer dans un Lidl et nous nous sommes pos\u00e9s dans un parc. Et l\u00e0, j\u2019ai encore ressenti\u00a0: \u00ab\u00a0mais qu\u2019est-ce qu\u2019on fait l\u00e0\u00a0?\u00a0\u00bb. Je ne saurais l\u2019expliquer, je me sentais hyper d\u00e9pays\u00e9e. Je ressentais que les habitants \u00e9taient bien plus diff\u00e9rents de nous que les Su\u00e9dois, les Norv\u00e9giens et les Danois. Je pense que cela venait de leur langue (car les pr\u00e9c\u00e9dentes se ressemblaient) et des pr\u00e9jug\u00e9s que j\u2019avais sur les pays se trouvant dans cette partie du monde\u00a0! Cela tenait \u00e9galement au fait qu\u2019on ne pouvait quasi pas communiquer avec eux. On traversait des quartiers un peu d\u00e9labr\u00e9s. En fait, je me sentais moins en s\u00e9curit\u00e9. Pas dans le centre-ville mais dans les autres quartiers. Une fois arriv\u00e9s dans le centre-ville\u00a0: waouh\u00a0!!! Que c\u2019\u00e9tait beau\u00a0! On en a pris plein les mirettes. Le d\u00e9but de notre s\u00e9jour commen\u00e7ait un weekend et on a compris le \u00ab\u00a0Prague, c\u2019est hyper touristique\u00a0\u00bb\u00a0! On \u00e9tait pourtant au mois de septembre. C\u2019\u00e9tait hallucinant, tout simplement\u00a0! C\u2019\u00e9tait la premi\u00e8re destination que l\u2019on a trouv\u00e9e trop touristique et la seule du voyage en fait. Rapidement, on s\u2019est dit que \u00e7a n\u2019allait pas \u00eatre possible de se prendre un bain de foule tous les jours. Du coup, quand on s\u2019est rendus \u00e0 l\u2019office de tourisme (premi\u00e8re chose que l\u2019on faisait, bien s\u00fbr, quand on n\u2019avait pas de guide sur la destination), mon copain a pos\u00e9 son habituelle question paradoxale dans un tel endroit\u00a0: \u00ab\u00a0auriez-vous des lieux peu touristiques \u00e0 nous conseiller\u00a0?\u00a0\u00bb. A chaque fois, je me disais que bien s\u00fbr ce qu\u2019ils allaient nous conseiller ils le conseillaient \u00e0 plein d\u2019autres touristes. Eh bien, ce fut en effet dans cet esprit-l\u00e0 car ils nous ont conseill\u00e9 un d\u00e9pliant, pr\u00e9sent dans l\u2019office, sur la d\u00e9couverte de Prague en dehors des sentiers battus. Oui mais si on suit ce guide, on va forc\u00e9ment rencontrer des touristes, non\u00a0?! Ben non\u00a0! En fait, je pense avoir \u00e9lucid\u00e9 le myst\u00e8re\u00a0: la plupart des gens qui viennent \u00e0 Prague doivent y rester deux trois jours max et donc ils veulent d\u00e9couvrir les lieux embl\u00e9matiques de la ville car n\u2019ont tout simplement pas le temps de visiter le reste. Comme on y restait une dizaine de jours (chanceux que nous \u00e9tions\u00a0!), en gros on a fait un jour \u00ab\u00a0bain de foule de touristes\u00a0\u00bb, un jour \u00ab\u00a0seuls au monde\u00a0\u00bb. J\u2019esp\u00e8re que vous \u00eates assis confortablement, pourquoi pas avec un caf\u00e9 ou un th\u00e9 car j\u2019ai l\u2019impression que je suis lanc\u00e9e pour \u00e9crire un roman\u00a0! Et vu comme c\u2019est parti, je vais passer du coq \u00e0 l\u2019\u00e2ne, il va falloir beaucoup de concentration et de temps devant soi. Est-ce que je vous d\u00e9voile mes incontournables maintenant ? Oui je crois qu\u2019on va faire \u00e7a parce que je plains la personne qui tombe sur mon article et qui veut juste savoir ce qu\u2019il y a \u00e0 voir \u00e0 Prague et qui n\u2019en a rien \u00e0 faire du reste mais qui se retrouve malgr\u00e9 tout oblig\u00e9e de lire tout l\u2019article ! <\/p>\n\n\n\n<h4 class=\"wp-block-heading\"><strong>Prague, mes incontournables&nbsp;!<\/strong><\/h4>\n\n\n\n<figure class=\"wp-block-image size-large\"><img loading=\"lazy\" decoding=\"async\" width=\"1024\" height=\"683\" src=\"http:\/\/bousculerlesetoiles.com\/wp-content\/uploads\/2020\/11\/photography-801891_1920-1024x683.jpg\" alt=\"\" class=\"wp-image-1066\" srcset=\"https:\/\/bousculerlesetoiles.com\/wp-content\/uploads\/2020\/11\/photography-801891_1920-1024x683.jpg 1024w, https:\/\/bousculerlesetoiles.com\/wp-content\/uploads\/2020\/11\/photography-801891_1920-300x200.jpg 300w, https:\/\/bousculerlesetoiles.com\/wp-content\/uploads\/2020\/11\/photography-801891_1920-768x512.jpg 768w, https:\/\/bousculerlesetoiles.com\/wp-content\/uploads\/2020\/11\/photography-801891_1920-1536x1024.jpg 1536w, https:\/\/bousculerlesetoiles.com\/wp-content\/uploads\/2020\/11\/photography-801891_1920-330x220.jpg 330w, https:\/\/bousculerlesetoiles.com\/wp-content\/uploads\/2020\/11\/photography-801891_1920.jpg 1920w\" sizes=\"auto, (max-width: 1024px) 100vw, 1024px\" \/><figcaption><em>(Image par <a href=\"https:\/\/pixabay.com\/photos\/?utm_source=link-attribution&amp;utm_medium=referral&amp;utm_campaign=image&amp;utm_content=801891\">Free-Photos<\/a> de <a href=\"https:\/\/pixabay.com\/fr\/?utm_source=link-attribution&amp;utm_medium=referral&amp;utm_campaign=image&amp;utm_content=801891\">Pixabay<\/a>)<\/em><\/figcaption><\/figure>\n\n\n\n<p>J\u2019ai moins de souvenirs pr\u00e9cis des quartiers de Prague que\nde ceux de Stockholm et Oslo donc je ne peux pas rentrer dans les d\u00e9tails, au\nmoins \u00e7a ne va pas trop vous spoil&nbsp;!&nbsp;\ud83d\ude09<\/p>\n\n\n\n<h4 class=\"wp-block-heading\"><strong>Mes 7 incontournables ultra touristiques <\/strong><\/h4>\n\n\n\n<figure class=\"wp-block-image size-large\"><img loading=\"lazy\" decoding=\"async\" width=\"1024\" height=\"578\" src=\"http:\/\/bousculerlesetoiles.com\/wp-content\/uploads\/2020\/11\/IMG_20180916_1713191-1-1024x578.jpg\" alt=\"\" class=\"wp-image-1095\" srcset=\"https:\/\/bousculerlesetoiles.com\/wp-content\/uploads\/2020\/11\/IMG_20180916_1713191-1-1024x578.jpg 1024w, https:\/\/bousculerlesetoiles.com\/wp-content\/uploads\/2020\/11\/IMG_20180916_1713191-1-300x169.jpg 300w, https:\/\/bousculerlesetoiles.com\/wp-content\/uploads\/2020\/11\/IMG_20180916_1713191-1-768x434.jpg 768w, https:\/\/bousculerlesetoiles.com\/wp-content\/uploads\/2020\/11\/IMG_20180916_1713191-1-1536x867.jpg 1536w, https:\/\/bousculerlesetoiles.com\/wp-content\/uploads\/2020\/11\/IMG_20180916_1713191-1-2048x1156.jpg 2048w\" sizes=\"auto, (max-width: 1024px) 100vw, 1024px\" \/><\/figure>\n\n\n\n<h5 class=\"wp-block-heading\"><strong>1. La vieille ville&nbsp;et ses monuments&nbsp;<\/strong><\/h5>\n\n\n\n<p>La Maison municipale, l\u2019H\u00f4tel de Ville de la vieille ville, l&rsquo;horloge astronomique de Prague (Pra\u017esk\u00fd orloj), l\u2019\u00c9glise de Notre-Dame du T\u00fdn (Chr\u00e1m Matky Bo\u017e\u00ed p\u0159ed T\u00fdnem), la place de la vieille ville, etc.<\/p>\n\n\n\n<h5 class=\"wp-block-heading\"><strong>2. Le pont Charles (Karl\u016fv most)<\/strong><\/h5>\n\n\n\n<h5 class=\"wp-block-heading\"><strong>3. Le Palais d&rsquo;\u00e9t\u00e9 de la reine Anne<\/strong><\/h5>\n\n\n\n<h5 class=\"wp-block-heading\"><strong>4. Le Ch\u00e2teau de Prague (Pra\u017esk\u00fd hrad) et sa cath\u00e9drale St Vitus<\/strong><\/h5>\n\n\n\n<h5 class=\"wp-block-heading\"><strong>5. Le mur John Lennon<\/strong><\/h5>\n\n\n\n<h5 class=\"wp-block-heading\"><strong>6. La colline de Pet\u0159\u00edn<\/strong><\/h5>\n\n\n\n<h5 class=\"wp-block-heading\"><strong>7. Le quartier de Vy\u0161ehrad et son ch\u00e2teau fort<\/strong><\/h5>\n\n\n\n<h4 class=\"wp-block-heading\"><strong>Mes 4 incontournables \u00ab\u00a0hors des sentiers battus\u00a0\u00bb <\/strong><\/h4>\n\n\n\n<figure class=\"wp-block-image size-large\"><img loading=\"lazy\" decoding=\"async\" width=\"1024\" height=\"578\" src=\"http:\/\/bousculerlesetoiles.com\/wp-content\/uploads\/2020\/11\/IMG_20180910_1444011-1024x578.jpg\" alt=\"\" class=\"wp-image-1097\" srcset=\"https:\/\/bousculerlesetoiles.com\/wp-content\/uploads\/2020\/11\/IMG_20180910_1444011-1024x578.jpg 1024w, https:\/\/bousculerlesetoiles.com\/wp-content\/uploads\/2020\/11\/IMG_20180910_1444011-300x169.jpg 300w, https:\/\/bousculerlesetoiles.com\/wp-content\/uploads\/2020\/11\/IMG_20180910_1444011-768x434.jpg 768w, https:\/\/bousculerlesetoiles.com\/wp-content\/uploads\/2020\/11\/IMG_20180910_1444011-1536x867.jpg 1536w, https:\/\/bousculerlesetoiles.com\/wp-content\/uploads\/2020\/11\/IMG_20180910_1444011-2048x1156.jpg 2048w\" sizes=\"auto, (max-width: 1024px) 100vw, 1024px\" \/><\/figure>\n\n\n\n<h5 class=\"wp-block-heading\"><strong>1. Le quartier de Karl\u00edn et l\u2019\u00e9glise de Saints Cyril et Methodius <\/strong><\/h5>\n\n\n\n<h5 class=\"wp-block-heading\"><strong>2. Le parc Letn\u00e1<\/strong><\/h5>\n\n\n\n<h5 class=\"wp-block-heading\"><strong>3. Le monast\u00e8re de B\u0159evnov et ses alentours<\/strong><\/h5>\n\n\n\n<h5 class=\"wp-block-heading\"><strong>4. Le quartier de Vinohrady<\/strong><\/h5>\n\n\n\n<h4 class=\"wp-block-heading\"> <strong>Infos pratiques sur Prague<\/strong> <\/h4>\n\n\n\n<figure class=\"wp-block-image size-large\"><img loading=\"lazy\" decoding=\"async\" width=\"1024\" height=\"578\" src=\"http:\/\/bousculerlesetoiles.com\/wp-content\/uploads\/2020\/11\/IMG_20180916_1811221-1024x578.jpg\" alt=\"\" class=\"wp-image-1090\" srcset=\"https:\/\/bousculerlesetoiles.com\/wp-content\/uploads\/2020\/11\/IMG_20180916_1811221-1024x578.jpg 1024w, https:\/\/bousculerlesetoiles.com\/wp-content\/uploads\/2020\/11\/IMG_20180916_1811221-300x169.jpg 300w, https:\/\/bousculerlesetoiles.com\/wp-content\/uploads\/2020\/11\/IMG_20180916_1811221-768x434.jpg 768w, https:\/\/bousculerlesetoiles.com\/wp-content\/uploads\/2020\/11\/IMG_20180916_1811221-1536x867.jpg 1536w, https:\/\/bousculerlesetoiles.com\/wp-content\/uploads\/2020\/11\/IMG_20180916_1811221-2048x1156.jpg 2048w\" sizes=\"auto, (max-width: 1024px) 100vw, 1024px\" \/><\/figure>\n\n\n\n<h5 class=\"wp-block-heading\"><strong>Co\u00fbt de la vie<\/strong><\/h5>\n\n\n\n<p>Pour la premi\u00e8re fois du voyage, tout \u00e9tait abordable,\nenfin&nbsp;! On a pu manger largement \u00e0 notre faim, acheter des sp\u00e9cialit\u00e9s\ncomme on aimait le faire et m\u00eame aller au resto pour la premi\u00e8re fois (oui\noui&nbsp;!). On faisait nos courses dans un Lidl pr\u00e8s de chez nous (d\u2019ailleurs\nc\u2019\u00e9tait la semaine \u00ab&nbsp;fran\u00e7aise&nbsp;\u00bb) et on go\u00fbtait des p\u00e2tisseries dans\ndes boulangeries.<\/p>\n\n\n\n<h5 class=\"wp-block-heading\"><strong>Moyens de transport<\/strong><\/h5>\n\n\n\n<p>Lorsqu\u2019on a voulu rentrer \u00e0 notre appartement le premier\njour on a mis du temps \u00e0 comprendre o\u00f9 on pouvait acheter des tickets de\ntransports. La machine pr\u00e8s de l\u2019arr\u00eat de bus ne fonctionnait pas ou\nn\u2019acceptait que des pi\u00e8ces je ne sais plus donc on a cherch\u00e9 sur Internet et\nappris que l\u2019on pouvait en acheter dans les bureaux de tabac. C\u2019est \u00e9galement\nabordable et tout est bien desservi. On a pris le bus et le tram \u00e0 plusieurs\nreprises.<\/p>\n\n\n\n<h5 class=\"wp-block-heading\"><strong>Les Pragois<\/strong><\/h5>\n\n\n\n<p>Les deux personnes de mon entourage avaient bien raison au\nsujet des Pragois&nbsp;: certains sont tr\u00e8s antipathiques. Mais quand on le\nsait c\u2019est plut\u00f4t dr\u00f4le&nbsp;! Ainsi, \u00e7a n\u2019a aucunement terni notre s\u00e9jour. On\nest tomb\u00e9s sur plusieurs personnes aimables comme des portes de prison&nbsp;:\nle monsieur du bureau de tabac, la pharmacienne ou encore la secr\u00e9taire \u00e0\nl\u2019h\u00f4pital. Heureusement, ce n\u2019\u00e9tait pas le cas de tous. La raison est\ncertainement qu\u2019ils en ont marre des touristes\u2026<\/p>\n\n\n\n<h5 class=\"wp-block-heading\"><strong>Combien de temps s\u00e9journer \u00e0 Prague<\/strong><\/h5>\n\n\n\n<p>Cela d\u00e9pend de votre fa\u00e7on de voyager en g\u00e9n\u00e9ral. Certains pr\u00e9f\u00e8rent ne passer qu\u2019un weekend dans une capitale quand d\u2019autres y consacrent toute une semaine. Si tout \u00e9tait possible (si vous pouviez prendre autant de jours de vacances que vous le souhaitez, si vous aviez un budget illimit\u00e9, etc.), id\u00e9alement je trouve qu\u2019une semaine c\u2019est bien pour se faire une bonne id\u00e9e de la ville. Bien s\u00fbr, c\u2019est possible d\u2019y s\u00e9journer un weekend seulement et de voir le principal c\u2019est-\u00e0-dire la vieille ville, le ch\u00e2teau et le pont mais \u00e0 mon sens cela ne suffit pas pour vraiment d\u00e9couvrir la ville. Tout d\u00e9pend donc de votre but finalement\u00a0: est-ce simplement de vous d\u00e9payser le temps d\u2019un weekend\u00a0? Est-ce de d\u00e9couvrir la ville de fond en comble\u00a0? Est-ce un entre-deux\u00a0? J\u2019ai pass\u00e9 une journ\u00e9e \u00e0 Tallinn (la capitale de l&rsquo;Estonie) et j\u2019ai trouv\u00e9 que c\u2019\u00e9tait vraiment trop court. Par contre, une journ\u00e9e \u00e0 Sigtuna (petite ville en Su\u00e8de) m\u2019a suffi. J\u2019ai pass\u00e9 4 jours \u00e0 Vienne (capitale de l\u2019Autriche) et c\u2019\u00e9tait un peu trop court mais on a quand m\u00eame pu se faire une bonne id\u00e9e de la ville donc \u00e7a allait disons. <\/p>\n\n\n\n<h5 class=\"wp-block-heading\"><strong>O\u00f9 trouver des sp\u00e9cialit\u00e9s\u00a0?<\/strong><\/h5>\n\n\n\n<figure class=\"wp-block-image size-large\"><img loading=\"lazy\" decoding=\"async\" width=\"1024\" height=\"578\" src=\"http:\/\/bousculerlesetoiles.com\/wp-content\/uploads\/2020\/11\/IMG_20180915_1855451-1024x578.jpg\" alt=\"\" class=\"wp-image-1092\" srcset=\"https:\/\/bousculerlesetoiles.com\/wp-content\/uploads\/2020\/11\/IMG_20180915_1855451-1024x578.jpg 1024w, https:\/\/bousculerlesetoiles.com\/wp-content\/uploads\/2020\/11\/IMG_20180915_1855451-300x169.jpg 300w, https:\/\/bousculerlesetoiles.com\/wp-content\/uploads\/2020\/11\/IMG_20180915_1855451-768x434.jpg 768w, https:\/\/bousculerlesetoiles.com\/wp-content\/uploads\/2020\/11\/IMG_20180915_1855451-1536x867.jpg 1536w, https:\/\/bousculerlesetoiles.com\/wp-content\/uploads\/2020\/11\/IMG_20180915_1855451-2048x1156.jpg 2048w\" sizes=\"auto, (max-width: 1024px) 100vw, 1024px\" \/><\/figure>\n\n\n\n<p>Nous avons mang\u00e9 dans le restaurant \u00ab U Kroka\u00a0\u00bb pr\u00e8s de Vy\u0161ehrad o\u00f9 on a pu boire la bi\u00e8re typique Pilsner Urquell et une limonade (que ce soit en R\u00e9publique Tch\u00e8que ou en Pologne on trouve pas mal de limonades et \u00e0 tous les parfums\u00a0: lavande, framboise, entre autres\u00a0!) ainsi qu\u2019un g\u00e2teau traditionnel tch\u00e8que\u00a0: le m\u00ed\u0161a \u0159ezy. Nous avons surtout go\u00fbt\u00e9 des sp\u00e9cialit\u00e9s sucr\u00e9es car l\u00e0-bas de nombreux plats contiennent de la viande. On a facilement trouv\u00e9 des p\u00e2tisseries typiques dans des boulangeries ainsi que des chocolats et viennoiseries dans des supermarch\u00e9s\u00a0: <\/p>\n\n\n\n<ul class=\"wp-block-list\"><li>Le v\u011btrn\u00edk : bien que trop \u00e9c\u0153urante \u00e0 mon go\u00fbt, cette p\u00e2tisserie est bonne ! <\/li><li>Le rakvicka : \u00e0 l&rsquo;int\u00e9rieur il y a une cr\u00e8me alcoolis\u00e9e au citron, c&rsquo;est plut\u00f4t bon !<\/li><li>Une sp\u00e9cialit\u00e9 que tous les touristes go\u00fbtaient l\u00e0-bas s&rsquo;appelait trdeln\u00edk, c&rsquo;est \u00ab\u00a0un type de g\u00e2teau \u00e0 la broche, qui est pr\u00e9par\u00e9 avec de la p\u00e2te qui est enroul\u00e9e autour d\u2019un b\u00e2ton, avant d\u2019\u00eatre cuit sur un feu ouvert. Le g\u00e2teau de chemin\u00e9e est surmont\u00e9 d\u2019un m\u00e9lange de sucre et de noix, ou de sucre \u00e0 la cannelle.\u00a0\u00bb Au d\u00e9part, je voulais \u00e9galement la tester puis j&rsquo;ai mang\u00e9 tellement de douceurs pendant ce s\u00e9jour que j\u2019ai d\u00e9cid\u00e9 de m\u2019abstenir\u00a0! On a retrouv\u00e9 cette sp\u00e9cialit\u00e9 en Pologne mais on a manqu\u00e9 de chance pour s\u2019en procurer\u00a0: un coup le camion \u00e9tait ferm\u00e9 et une autre fois il n\u2019y avait plus de choix de parfums. Finalement, j\u2019ai pu en manger \u00e0 un march\u00e9 de No\u00ebl\u2026 en France\u00a0! Et on m\u2019a dit que c\u2019\u00e9tait une sp\u00e9cialit\u00e9 qui venait de Hongrie. Je l\u2019ai choisie avec de la cannelle et c\u2019\u00e9tait tr\u00e8s bon\u00a0!<\/li><\/ul>\n\n\n\n<p>Nous avons \u00e9galement go\u00fbt\u00e9 des viennoiseries qui sont toutes \u00e0 base d&rsquo;une sorte de fromage ou cr\u00e8me un peu neutre. Je n&rsquo;ai pas appr\u00e9ci\u00e9 leurs viennoiseries contrairement \u00e0 celles de Su\u00e8de et du Danemark. Par contre, leurs p\u00e2tisseries sont plut\u00f4t bonnes mais pas vraiment \u00e0 mon go\u00fbt car trop riches en cr\u00e8me ce qui m\u2019\u00e9c\u0153ure vite.<\/p>\n\n\n\n<h5 class=\"wp-block-heading\"><strong>Quel(s) souvenir(s) rapporter de Prague\u00a0?<\/strong><\/h5>\n\n\n\n<figure class=\"wp-block-image size-large\"><img loading=\"lazy\" decoding=\"async\" width=\"1024\" height=\"578\" src=\"http:\/\/bousculerlesetoiles.com\/wp-content\/uploads\/2020\/11\/IMG_20180912_1924081-1024x578.jpg\" alt=\"\" class=\"wp-image-1084\" srcset=\"https:\/\/bousculerlesetoiles.com\/wp-content\/uploads\/2020\/11\/IMG_20180912_1924081-1024x578.jpg 1024w, https:\/\/bousculerlesetoiles.com\/wp-content\/uploads\/2020\/11\/IMG_20180912_1924081-300x169.jpg 300w, https:\/\/bousculerlesetoiles.com\/wp-content\/uploads\/2020\/11\/IMG_20180912_1924081-768x434.jpg 768w, https:\/\/bousculerlesetoiles.com\/wp-content\/uploads\/2020\/11\/IMG_20180912_1924081-1536x867.jpg 1536w, https:\/\/bousculerlesetoiles.com\/wp-content\/uploads\/2020\/11\/IMG_20180912_1924081-2048x1156.jpg 2048w\" sizes=\"auto, (max-width: 1024px) 100vw, 1024px\" \/><\/figure>\n\n\n\n<p>C\u2019est gr\u00e2ce au guide de notre h\u00f4te qu\u2019on a pu rapporter des souvenirs vraiment repr\u00e9sentatifs et \u00e9viter les attrape-touristes. Il s\u2019agissait surtout de nourriture\u00a0: des barres chocolat\u00e9es, des tablettes de chocolat et de grandes gaufrettes rondes tr\u00e8s fines \u00e0 la noisette\u00a0! On en trouve facilement dans des supermarch\u00e9s. Comme on a failli rentrer en France en plein milieu de notre s\u00e9jour, comme je vous le racontais \u00e0 la fin de <a href=\"http:\/\/bousculerlesetoiles.com\/index.php\/2020\/05\/23\/lecon-n1-de-mon-premier-voyage-au-long-cours-un-voyage-ca-se-prepare-partie-1-2\/\">cet article<\/a>, on a \u00e9galement achet\u00e9 un carnet \u00e0 Tiger pour cr\u00e9er notre carnet de voyage et une peluche pour l\u2019anniversaire de notre chat\u00a0!<\/p>\n\n\n\n<p><em>Et vous, \u00eates-vous d\u00e9j\u00e0 all\u00e9s \u00e0 Prague ? Si oui, qu\u2019en\navez-vous pens\u00e9 et avez-vous des incontournables \u00e0 partager ?<\/em><\/p>\n","protected":false},"excerpt":{"rendered":"<p>Prague est mon 3\u00e8me coup de c\u0153ur de mon voyage de 4 mois et demi en Europe. Pourtant&#8230;<\/p>\n","protected":false},"author":1,"featured_media":1062,"comment_status":"open","ping_status":"open","sticky":false,"template":"","format":"standard","meta":{"footnotes":""},"categories":[3],"tags":[],"class_list":["post-1059","post","type-post","status-publish","format-standard","has-post-thumbnail","hentry","category-voyages"],"_links":{"self":[{"href":"https:\/\/bousculerlesetoiles.com\/index.php\/wp-json\/wp\/v2\/posts\/1059","targetHints":{"allow":["GET"]}}],"collection":[{"href":"https:\/\/bousculerlesetoiles.com\/index.php\/wp-json\/wp\/v2\/posts"}],"about":[{"href":"https:\/\/bousculerlesetoiles.com\/index.php\/wp-json\/wp\/v2\/types\/post"}],"author":[{"embeddable":true,"href":"https:\/\/bousculerlesetoiles.com\/index.php\/wp-json\/wp\/v2\/users\/1"}],"replies":[{"embeddable":true,"href":"https:\/\/bousculerlesetoiles.com\/index.php\/wp-json\/wp\/v2\/comments?post=1059"}],"version-history":[{"count":29,"href":"https:\/\/bousculerlesetoiles.com\/index.php\/wp-json\/wp\/v2\/posts\/1059\/revisions"}],"predecessor-version":[{"id":1099,"href":"https:\/\/bousculerlesetoiles.com\/index.php\/wp-json\/wp\/v2\/posts\/1059\/revisions\/1099"}],"wp:featuredmedia":[{"embeddable":true,"href":"https:\/\/bousculerlesetoiles.com\/index.php\/wp-json\/wp\/v2\/media\/1062"}],"wp:attachment":[{"href":"https:\/\/bousculerlesetoiles.com\/index.php\/wp-json\/wp\/v2\/media?parent=1059"}],"wp:term":[{"taxonomy":"category","embeddable":true,"href":"https:\/\/bousculerlesetoiles.com\/index.php\/wp-json\/wp\/v2\/categories?post=1059"},{"taxonomy":"post_tag","embeddable":true,"href":"https:\/\/bousculerlesetoiles.com\/index.php\/wp-json\/wp\/v2\/tags?post=1059"}],"curies":[{"name":"wp","href":"https:\/\/api.w.org\/{rel}","templated":true}]}}